{"id":12820,"date":"2022-08-24T14:23:29","date_gmt":"2022-08-24T12:23:29","guid":{"rendered":"https:\/\/wm-aquatec.de\/?p=12820"},"modified":"2022-08-24T14:23:31","modified_gmt":"2022-08-24T12:23:31","slug":"caravan-salon-27-8-04-09-2022","status":"publish","type":"post","link":"https:\/\/wm-aquatec.de\/fr\/caravan-salon-27-8-04-09-2022\/","title":{"rendered":"CARAVAN SALON 27.8.-04.09.2022"},"content":{"rendered":"\n<p>Au CARAVAN SALON D\u00fcsseldorf du 27 ao\u00fbt au 4 septembre 2022 (Preview Day le 26 ao\u00fbt), les visiteurs peuvent se r\u00e9jouir d&rsquo;une s\u00e9lection unique de tout ce qui concerne les loisirs mobiles. &lt;&lt;La passion qui relie&gt;&gt; est la devise du salon. Une fois de plus, le parc des expositions de D\u00fcsseldorf sera pendant dix jours le lieu de rencontre le plus important pour tous les passionn\u00e9s de caravaning. Au plus grand salon mondial des camping-cars, caravanes et \u00e9quipements, plus de 650 exposants dans 16 halls et sur l&rsquo;espace ext\u00e9rieur pr\u00e9sentent des v\u00e9hicules de loisirs pour tous les go\u00fbts et tous les budgets.<\/p>\n\n\n\n<p>Outre les camping-cars, caravanes et vans, l\u2019offre du salon comprend des produits techniques pour les v\u00e9hicules, des composants et pi\u00e8ces d\u00e9tach\u00e9es, tentes, mobil-homes, accessoires et \u00e9quipements de caravaning et de camping, v\u00eatements et \u00e9quipements de plein air, destinations touristiques, des offres de camping et de parking.<\/p>\n\n\n\n<p>(Texte : Messe D\u00fcsseldorf)<\/p>\n\n\n\n<p>Nous nous r\u00e9jouissons de vous voir dans notre maison temporaire pendant le salon dans le Hall 3 Stand H94.<\/p>\n\n\n\n<p>Vers la page d&rsquo;accueil du salon:&nbsp;<a href=\"http:\/\/www.caravan-salon.de\/\" rel=\"noreferrer noopener\" target=\"_blank\">www.caravan-salon.de<\/a><\/p>\n","protected":false},"excerpt":{"rendered":"<p>Au CARAVAN SALON D\u00fcsseldorf du 27 ao\u00fbt au 4 septembre 2022 (Preview Day le 26 ao\u00fbt), les visiteurs peuvent se r\u00e9jouir d&rsquo;une s\u00e9lection unique de tout ce qui concerne les loisirs mobiles. &lt;&lt;La passion qui relie&gt;&gt; est la devise du salon. Une fois de plus, le parc des expositions de D\u00fcsseldorf sera pendant dix jours [&#8230;]\n","protected":false},"author":1,"featured_media":12573,"comment_status":"closed","ping_status":"open","sticky":false,"template":"","format":"standard","meta":{"inline_featured_image":false,"footnotes":""},"categories":[647],"tags":[],"class_list":["post-12820","post","type-post","status-publish","format-standard","has-post-thumbnail","hentry","category-nouveautes"],"_links":{"self":[{"href":"https:\/\/wm-aquatec.de\/fr\/wp-json\/wp\/v2\/posts\/12820","targetHints":{"allow":["GET"]}}],"collection":[{"href":"https:\/\/wm-aquatec.de\/fr\/wp-json\/wp\/v2\/posts"}],"about":[{"href":"https:\/\/wm-aquatec.de\/fr\/wp-json\/wp\/v2\/types\/post"}],"author":[{"embeddable":true,"href":"https:\/\/wm-aquatec.de\/fr\/wp-json\/wp\/v2\/users\/1"}],"replies":[{"embeddable":true,"href":"https:\/\/wm-aquatec.de\/fr\/wp-json\/wp\/v2\/comments?post=12820"}],"version-history":[{"count":0,"href":"https:\/\/wm-aquatec.de\/fr\/wp-json\/wp\/v2\/posts\/12820\/revisions"}],"wp:featuredmedia":[{"embeddable":true,"href":"https:\/\/wm-aquatec.de\/fr\/wp-json\/wp\/v2\/media\/12573"}],"wp:attachment":[{"href":"https:\/\/wm-aquatec.de\/fr\/wp-json\/wp\/v2\/media?parent=12820"}],"wp:term":[{"taxonomy":"category","embeddable":true,"href":"https:\/\/wm-aquatec.de\/fr\/wp-json\/wp\/v2\/categories?post=12820"},{"taxonomy":"post_tag","embeddable":true,"href":"https:\/\/wm-aquatec.de\/fr\/wp-json\/wp\/v2\/tags?post=12820"}],"curies":[{"name":"wp","href":"https:\/\/api.w.org\/{rel}","templated":true}]}}