{"id":13415,"date":"2022-10-14T15:18:27","date_gmt":"2022-10-14T13:18:27","guid":{"rendered":"https:\/\/wm-aquatec.de\/suisse-caravan-salon-27-31-10-2022\/"},"modified":"2022-10-14T15:18:27","modified_gmt":"2022-10-14T13:18:27","slug":"suisse-caravan-salon-27-31-10-2022","status":"publish","type":"post","link":"https:\/\/wm-aquatec.de\/fr\/suisse-caravan-salon-27-31-10-2022\/","title":{"rendered":"Suisse Caravan Salon 27 &#8211; 31.10.2022"},"content":{"rendered":"\n<h2 class=\"wp-block-heading\" id=\"h-mehr-als-eine-messe\"><\/h2>\n\n<p>Le Suisse Caravan Salon, qui se tiendra du 27 au 31 octobre 2022, propose cette ann\u00e9e encore un programme riche et vari\u00e9 sous la devise \u00ab\u00a0Tout pour d\u00e9couvrir le monde\u00a0\u00bb. De plus, le nombre d&rsquo;exposants pr\u00e9sents sur le site de BERNEXPO est encore plus important que les ann\u00e9es pr\u00e9c\u00e9dentes. Les billets peuvent \u00eatre achet\u00e9s en ligne.<\/p>\n\n<p>(Texte : Suisse Caravan Salon)<\/p>\n\n<p>Nous nous r\u00e9jouissons de ta visite dans le hall 1.2 stand D005<\/p>\n\n<p>Pour en savoir plus : <a href=\"https:\/\/suissecaravansalon.ch\/\">www.suissecaravansalon.ch<\/a><\/p>\n","protected":false},"excerpt":{"rendered":"<p>Le Suisse Caravan Salon, qui se tiendra du 27 au 31 octobre 2022, propose cette ann\u00e9e encore un programme riche et vari\u00e9 sous la devise \u00ab\u00a0Tout pour d\u00e9couvrir le monde\u00a0\u00bb. De plus, le nombre d&rsquo;exposants pr\u00e9sents sur le site de BERNEXPO est encore plus important que les ann\u00e9es pr\u00e9c\u00e9dentes. Les billets peuvent \u00eatre achet\u00e9s en [&#8230;]\n","protected":false},"author":1,"featured_media":13413,"comment_status":"closed","ping_status":"open","sticky":false,"template":"","format":"standard","meta":{"inline_featured_image":false,"footnotes":""},"categories":[647],"tags":[],"class_list":["post-13415","post","type-post","status-publish","format-standard","has-post-thumbnail","hentry","category-nouveautes"],"_links":{"self":[{"href":"https:\/\/wm-aquatec.de\/fr\/wp-json\/wp\/v2\/posts\/13415","targetHints":{"allow":["GET"]}}],"collection":[{"href":"https:\/\/wm-aquatec.de\/fr\/wp-json\/wp\/v2\/posts"}],"about":[{"href":"https:\/\/wm-aquatec.de\/fr\/wp-json\/wp\/v2\/types\/post"}],"author":[{"embeddable":true,"href":"https:\/\/wm-aquatec.de\/fr\/wp-json\/wp\/v2\/users\/1"}],"replies":[{"embeddable":true,"href":"https:\/\/wm-aquatec.de\/fr\/wp-json\/wp\/v2\/comments?post=13415"}],"version-history":[{"count":0,"href":"https:\/\/wm-aquatec.de\/fr\/wp-json\/wp\/v2\/posts\/13415\/revisions"}],"wp:featuredmedia":[{"embeddable":true,"href":"https:\/\/wm-aquatec.de\/fr\/wp-json\/wp\/v2\/media\/13413"}],"wp:attachment":[{"href":"https:\/\/wm-aquatec.de\/fr\/wp-json\/wp\/v2\/media?parent=13415"}],"wp:term":[{"taxonomy":"category","embeddable":true,"href":"https:\/\/wm-aquatec.de\/fr\/wp-json\/wp\/v2\/categories?post=13415"},{"taxonomy":"post_tag","embeddable":true,"href":"https:\/\/wm-aquatec.de\/fr\/wp-json\/wp\/v2\/tags?post=13415"}],"curies":[{"name":"wp","href":"https:\/\/api.w.org\/{rel}","templated":true}]}}