{"id":13866,"date":"2022-11-25T10:28:40","date_gmt":"2022-11-25T09:28:40","guid":{"rendered":"https:\/\/wm-aquatec.de\/off-grid-30-11-2-12-2022\/"},"modified":"2022-11-25T10:46:21","modified_gmt":"2022-11-25T09:46:21","slug":"off-grid-30-11-2-12-2022","status":"publish","type":"post","link":"https:\/\/wm-aquatec.de\/fr\/off-grid-30-11-2-12-2022\/","title":{"rendered":"Off-Grid 30.11-2.12.2022"},"content":{"rendered":"\n<h2 class=\"wp-block-heading\" id=\"h-mehr-als-eine-messe\">\u00c9nergies &amp; Synergies : L&rsquo;OFF-GRID Expo + Conference<\/h2>\n\n<p><strong>Qu&rsquo;est-ce que l&rsquo;OFF-GRID Expo + Conference ?<\/strong><br\/>Cet \u00e9v\u00e9nement de deux jours est le seul congr\u00e8s neutre en Europe qui se concentre sur le secteur des syst\u00e8mes solaires, \u00e9oliens et hydro\u00e9lectriques hors-r\u00e9seau. Avec son format ax\u00e9 sur la pratique, compos\u00e9 d&rsquo;une conf\u00e9rence, d&rsquo;un salon et du \u00ab\u00a0network happening\u00a0\u00bb de la communaut\u00e9, il constitue en d\u00e9cembre le point fort de la fin d&rsquo;ann\u00e9e.<\/p>\n\n<p><strong>Ce qui s&rsquo;est pass\u00e9 jusqu&rsquo;\u00e0 pr\u00e9sent<\/strong><br\/>Lanc\u00e9 en 2011 sous la forme d&rsquo;un atelier, l&rsquo;\u00e9v\u00e9nement a attir\u00e9 de plus en plus de participants et a suscit\u00e9 un enthousiasme croissant, y compris chez les exposants et les partenaires de l&rsquo;\u00e9v\u00e9nement. Depuis 2020, l&rsquo;Alliance for Rural Electrification est le partenaire officiel de la conf\u00e9rence Off-Grid Expo+Conference.<\/p>\n\n<p>(Texte : Off-GRID Expo + Conference)<\/p>\n\n<p>Vous trouverez WM aquatec ici : M08H7<\/p>\n\n<p>Pour en savoir plus : <a href=\"https:\/\/www.off-grid-expo.de\/\">www.off-grid-expo.de<\/a><\/p>\n","protected":false},"excerpt":{"rendered":"<p>\u00c9nergies &amp; Synergies : L&rsquo;OFF-GRID Expo + Conference Qu&rsquo;est-ce que l&rsquo;OFF-GRID Expo + Conference ?Cet \u00e9v\u00e9nement de deux jours est le seul congr\u00e8s neutre en Europe qui se concentre sur le secteur des syst\u00e8mes solaires, \u00e9oliens et hydro\u00e9lectriques hors-r\u00e9seau. Avec son format ax\u00e9 sur la pratique, compos\u00e9 d&rsquo;une conf\u00e9rence, d&rsquo;un salon et du \u00ab\u00a0network happening\u00a0\u00bb [&#8230;]\n","protected":false},"author":1,"featured_media":13862,"comment_status":"closed","ping_status":"open","sticky":false,"template":"","format":"standard","meta":{"inline_featured_image":false,"footnotes":""},"categories":[647],"tags":[],"class_list":["post-13866","post","type-post","status-publish","format-standard","has-post-thumbnail","hentry","category-nouveautes"],"_links":{"self":[{"href":"https:\/\/wm-aquatec.de\/fr\/wp-json\/wp\/v2\/posts\/13866","targetHints":{"allow":["GET"]}}],"collection":[{"href":"https:\/\/wm-aquatec.de\/fr\/wp-json\/wp\/v2\/posts"}],"about":[{"href":"https:\/\/wm-aquatec.de\/fr\/wp-json\/wp\/v2\/types\/post"}],"author":[{"embeddable":true,"href":"https:\/\/wm-aquatec.de\/fr\/wp-json\/wp\/v2\/users\/1"}],"replies":[{"embeddable":true,"href":"https:\/\/wm-aquatec.de\/fr\/wp-json\/wp\/v2\/comments?post=13866"}],"version-history":[{"count":0,"href":"https:\/\/wm-aquatec.de\/fr\/wp-json\/wp\/v2\/posts\/13866\/revisions"}],"wp:featuredmedia":[{"embeddable":true,"href":"https:\/\/wm-aquatec.de\/fr\/wp-json\/wp\/v2\/media\/13862"}],"wp:attachment":[{"href":"https:\/\/wm-aquatec.de\/fr\/wp-json\/wp\/v2\/media?parent=13866"}],"wp:term":[{"taxonomy":"category","embeddable":true,"href":"https:\/\/wm-aquatec.de\/fr\/wp-json\/wp\/v2\/categories?post=13866"},{"taxonomy":"post_tag","embeddable":true,"href":"https:\/\/wm-aquatec.de\/fr\/wp-json\/wp\/v2\/tags?post=13866"}],"curies":[{"name":"wp","href":"https:\/\/api.w.org\/{rel}","templated":true}]}}